{"id":11069,"date":"2018-04-01T07:56:23","date_gmt":"2018-04-01T05:56:23","guid":{"rendered":"https:\/\/mcrtecresa.com?p=11069"},"modified":"2025-10-22T13:17:20","modified_gmt":"2025-10-22T11:17:20","slug":"sectorisation-dans-batiments-avece-une-facade-de-mur-rideau","status":"publish","type":"post","link":"https:\/\/mcrtecresa.com\/fr\/blog\/sectorisation-dans-batiments-avece-une-facade-de-mur-rideau","title":{"rendered":"Sectorisation dans b\u00e2timents avece une fa\u00e7ade de mur rideau"},"content":{"rendered":"<p><strong>Les b\u00e2timents avec une fa\u00e7ade de mur rideau sont uniques en ce que cet \u00e9l\u00e9ment est normalement compos\u00e9 de verre support\u00e9e par un cadre m\u00e9tallique, qui, en cas d&rsquo;incendie permet le passage du feu d&rsquo;une plante \u00e0 une autre par l&rsquo;ext\u00e9rieur apr\u00e8s quelques minutes du commencement du feu. Par cons\u00e9quent, le Code Technique du B\u00e2timent dans le DB-SI section \u00ab\u00a0Propagation \u00e9trang\u00e8re\u00a0\u00bb parle dans la section 3 de ce qui suit:<\/strong><\/p>\n<p>Cela indique que quand il y a un changement de secteur d\u2019incendie horizontal entre plantes\u00a0 dans un immeuble avec une fa\u00e7ade de mur-rideau qui n\u2019a pas de la resistance au feu, nous fournissons le bord forg\u00e9 d&rsquo;un \u00e9l\u00e9ment EI-60 plac\u00e9 verticalement \u00e0 une distance de 1 m\u00e8tre mesur\u00e9 dans le plan de la fa\u00e7ade, sauf si les projections peuvent r\u00e9duire cette longueur \u00e0 la m\u00eame distance par rapport au rebord. En outre, cette solution doit \u00eatre ind\u00e9pendante du mur-rideau attach\u00e9 directement \u00e0 la dalle pour emp\u00eacher un possible effondrement de la solution sectorisation.<\/p>\n<p><img decoding=\"async\" class=\"size-full wp-image-6276 alignnone\" src=\"https:\/\/mcrtecresa.com\/wp-content\/uploads\/2018\/03\/bQdlYrx.jpg\" alt=\"\" width=\"1852\" height=\"2084\" srcset=\"https:\/\/mcrtecresa.com\/wp-content\/uploads\/2018\/03\/bQdlYrx.jpg 1852w, https:\/\/mcrtecresa.com\/wp-content\/uploads\/2018\/03\/bQdlYrx-267x300.jpg 267w, https:\/\/mcrtecresa.com\/wp-content\/uploads\/2018\/03\/bQdlYrx-768x864.jpg 768w, https:\/\/mcrtecresa.com\/wp-content\/uploads\/2018\/03\/bQdlYrx-910x1024.jpg 910w\" sizes=\"(max-width: 1852px) 100vw, 1852px\" \/><\/p>\n<p>De<strong><a href=\"https:\/\/mcrtecresa.com\/fr\">\u00a0Mercor Tecresa\u00a0<\/a><\/strong>nous travaillons depuis nombreuses ann\u00e9es avec ce type de solutions, donnant au client une solution personnalis\u00e9e dans tous les cas, \u00e9tant donn\u00e9 que chaque configuration de travail et mur-rideau n\u00e9cessite une solution diff\u00e9rente. La plus courante est la solution EI-60,\u00a0<strong><a href=\"\/fr\/?page_id=19260\">mais nous avons \u00e9galement test\u00e9 les solutions EI-90 et EI-120.<\/a><\/strong><\/p>\n<p>En plus de la simplicit\u00e9 et la rapidit\u00e9 d&rsquo;installation, elle est aujourd&rsquo;hui la solution de plus bon march\u00e9 qu\u2019il y a.<\/p>\n<p><strong>Voil\u00e0 nos oeuvres repr\u00e9sentatives de sectorisations\u00a0<\/strong>dans fa\u00e7ades avec mur-rideau sont: la Tour Iberdrola de Bilbao (\u00e0 gauche), La Courthouse de Logro\u00f1o (au dessous), la Ville de la Justice \u00e0 Saragosse, ou plus r\u00e9cemment, le nouvel H\u00f4tel H10 \u00e0 Barcelone.<\/p>\n<p><img decoding=\"async\" class=\"alignleft size-full wp-image-6277\" src=\"https:\/\/mcrtecresa.com\/wp-content\/uploads\/2018\/03\/ovcuKzS.jpg\" alt=\"\" width=\"3129\" height=\"2167\" \/><\/p>\n","protected":false},"excerpt":{"rendered":"<p>Les b\u00e2timents avec une fa\u00e7ade de mur rideau sont uniques en ce que cet \u00e9l\u00e9ment est normalement compos\u00e9 de verre support\u00e9e par un cadre m\u00e9tallique, qui, en cas d&rsquo;incendie permet&#8230;<\/p>\n","protected":false},"author":2,"featured_media":8322,"comment_status":"closed","ping_status":"open","sticky":false,"template":"","format":"standard","meta":{"footnotes":""},"categories":[171],"tags":[],"class_list":["post-11069","post","type-post","status-publish","format-standard","has-post-thumbnail","hentry","category-produits-et-services"],"yoast_head":"<!-- This site is optimized with the Yoast SEO plugin v27.4 - https:\/\/yoast.com\/product\/yoast-seo-wordpress\/ -->\n<title>Sectorisation dans b\u00e2timents avece une fa\u00e7ade de mur rideau - Mcr Tecresa<\/title>\n<meta name=\"robots\" content=\"index, follow, max-snippet:-1, max-image-preview:large, max-video-preview:-1\" \/>\n<link rel=\"canonical\" href=\"https:\/\/mcrtecresa.com\/fr\/blog\/sectorisation-dans-batiments-avece-une-facade-de-mur-rideau\" \/>\n<meta property=\"og:locale\" content=\"fr_FR\" \/>\n<meta property=\"og:type\" content=\"article\" \/>\n<meta property=\"og:title\" content=\"Sectorisation dans b\u00e2timents avece une fa\u00e7ade de mur rideau - Mcr Tecresa\" \/>\n<meta property=\"og:description\" content=\"Les b\u00e2timents avec une fa\u00e7ade de mur rideau sont uniques en ce que cet \u00e9l\u00e9ment est normalement compos\u00e9 de verre support\u00e9e par un cadre m\u00e9tallique, qui, en cas d&rsquo;incendie permet...\" \/>\n<meta property=\"og:url\" content=\"https:\/\/mcrtecresa.com\/fr\/blog\/sectorisation-dans-batiments-avece-une-facade-de-mur-rideau\" \/>\n<meta property=\"og:site_name\" content=\"Mcr Tecresa\" \/>\n<meta property=\"article:published_time\" content=\"2018-04-01T05:56:23+00:00\" \/>\n<meta property=\"article:modified_time\" content=\"2025-10-22T11:17:20+00:00\" \/>\n<meta property=\"og:image\" content=\"https:\/\/mcrtecresa.com\/wp-content\/uploads\/2018\/03\/post_782_img.jpg\" \/>\n\t<meta property=\"og:image:width\" content=\"300\" \/>\n\t<meta property=\"og:image:height\" content=\"207\" \/>\n\t<meta property=\"og:image:type\" content=\"image\/jpeg\" \/>\n<meta name=\"author\" content=\"Roberto Perez Salillas\" \/>\n<meta name=\"twitter:card\" content=\"summary_large_image\" \/>\n<meta name=\"twitter:label1\" content=\"\u00c9crit par\" \/>\n\t<meta name=\"twitter:data1\" content=\"Roberto Perez Salillas\" \/>\n\t<meta name=\"twitter:label2\" content=\"Dur\u00e9e de lecture estim\u00e9e\" \/>\n\t<meta name=\"twitter:data2\" content=\"1 minute\" \/>\n<script type=\"application\/ld+json\" class=\"yoast-schema-graph\">{\"@context\":\"https:\\\/\\\/schema.org\",\"@graph\":[{\"@type\":\"Article\",\"@id\":\"https:\\\/\\\/mcrtecresa.com\\\/fr\\\/blog\\\/sectorisation-dans-batiments-avece-une-facade-de-mur-rideau#article\",\"isPartOf\":{\"@id\":\"https:\\\/\\\/mcrtecresa.com\\\/fr\\\/blog\\\/sectorisation-dans-batiments-avece-une-facade-de-mur-rideau\"},\"author\":{\"name\":\"Roberto Perez Salillas\",\"@id\":\"https:\\\/\\\/mcrtecresa.com\\\/#\\\/schema\\\/person\\\/275eebae54c4cf671d6c26d83abd4b3a\"},\"headline\":\"Sectorisation dans b\u00e2timents avece une fa\u00e7ade de mur rideau\",\"datePublished\":\"2018-04-01T05:56:23+00:00\",\"dateModified\":\"2025-10-22T11:17:20+00:00\",\"mainEntityOfPage\":{\"@id\":\"https:\\\/\\\/mcrtecresa.com\\\/fr\\\/blog\\\/sectorisation-dans-batiments-avece-une-facade-de-mur-rideau\"},\"wordCount\":315,\"publisher\":{\"@id\":\"https:\\\/\\\/mcrtecresa.com\\\/#organization\"},\"image\":{\"@id\":\"https:\\\/\\\/mcrtecresa.com\\\/fr\\\/blog\\\/sectorisation-dans-batiments-avece-une-facade-de-mur-rideau#primaryimage\"},\"thumbnailUrl\":\"https:\\\/\\\/mcrtecresa.com\\\/wp-content\\\/uploads\\\/2018\\\/03\\\/post_782_img.jpg\",\"articleSection\":[\"Produits et services\"],\"inLanguage\":\"fr-FR\"},{\"@type\":\"WebPage\",\"@id\":\"https:\\\/\\\/mcrtecresa.com\\\/fr\\\/blog\\\/sectorisation-dans-batiments-avece-une-facade-de-mur-rideau\",\"url\":\"https:\\\/\\\/mcrtecresa.com\\\/fr\\\/blog\\\/sectorisation-dans-batiments-avece-une-facade-de-mur-rideau\",\"name\":\"Sectorisation dans b\u00e2timents avece une fa\u00e7ade de mur rideau - Mcr Tecresa\",\"isPartOf\":{\"@id\":\"https:\\\/\\\/mcrtecresa.com\\\/#website\"},\"primaryImageOfPage\":{\"@id\":\"https:\\\/\\\/mcrtecresa.com\\\/fr\\\/blog\\\/sectorisation-dans-batiments-avece-une-facade-de-mur-rideau#primaryimage\"},\"image\":{\"@id\":\"https:\\\/\\\/mcrtecresa.com\\\/fr\\\/blog\\\/sectorisation-dans-batiments-avece-une-facade-de-mur-rideau#primaryimage\"},\"thumbnailUrl\":\"https:\\\/\\\/mcrtecresa.com\\\/wp-content\\\/uploads\\\/2018\\\/03\\\/post_782_img.jpg\",\"datePublished\":\"2018-04-01T05:56:23+00:00\",\"dateModified\":\"2025-10-22T11:17:20+00:00\",\"breadcrumb\":{\"@id\":\"https:\\\/\\\/mcrtecresa.com\\\/fr\\\/blog\\\/sectorisation-dans-batiments-avece-une-facade-de-mur-rideau#breadcrumb\"},\"inLanguage\":\"fr-FR\",\"potentialAction\":[{\"@type\":\"ReadAction\",\"target\":[\"https:\\\/\\\/mcrtecresa.com\\\/fr\\\/blog\\\/sectorisation-dans-batiments-avece-une-facade-de-mur-rideau\"]}]},{\"@type\":\"ImageObject\",\"inLanguage\":\"fr-FR\",\"@id\":\"https:\\\/\\\/mcrtecresa.com\\\/fr\\\/blog\\\/sectorisation-dans-batiments-avece-une-facade-de-mur-rideau#primaryimage\",\"url\":\"https:\\\/\\\/mcrtecresa.com\\\/wp-content\\\/uploads\\\/2018\\\/03\\\/post_782_img.jpg\",\"contentUrl\":\"https:\\\/\\\/mcrtecresa.com\\\/wp-content\\\/uploads\\\/2018\\\/03\\\/post_782_img.jpg\",\"width\":300,\"height\":207,\"caption\":\"Sectorizaci\u00f3n en edificios con fachada de muro cortina\"},{\"@type\":\"BreadcrumbList\",\"@id\":\"https:\\\/\\\/mcrtecresa.com\\\/fr\\\/blog\\\/sectorisation-dans-batiments-avece-une-facade-de-mur-rideau#breadcrumb\",\"itemListElement\":[{\"@type\":\"ListItem\",\"position\":1,\"name\":\"mcr tecresa\u00ae\",\"item\":\"https:\\\/\\\/mcrtecresa.com\\\/fr\"},{\"@type\":\"ListItem\",\"position\":2,\"name\":\"Produits et services\",\"item\":\"https:\\\/\\\/mcrtecresa.com\\\/fr\\\/blog\\\/category\\\/produits-et-services\"},{\"@type\":\"ListItem\",\"position\":3,\"name\":\"Sectorisation dans b\u00e2timents avece une fa\u00e7ade de mur rideau\"}]},{\"@type\":\"WebSite\",\"@id\":\"https:\\\/\\\/mcrtecresa.com\\\/#website\",\"url\":\"https:\\\/\\\/mcrtecresa.com\\\/\",\"name\":\"Mcr Tecresa\",\"description\":\"Empresa l\u00edder en protecci\u00f3n pasiva contra incendios\",\"publisher\":{\"@id\":\"https:\\\/\\\/mcrtecresa.com\\\/#organization\"},\"alternateName\":\"Protecci\u00f3n Pasiva Contra Incendios\",\"potentialAction\":[{\"@type\":\"SearchAction\",\"target\":{\"@type\":\"EntryPoint\",\"urlTemplate\":\"https:\\\/\\\/mcrtecresa.com\\\/?s={search_term_string}\"},\"query-input\":{\"@type\":\"PropertyValueSpecification\",\"valueRequired\":true,\"valueName\":\"search_term_string\"}}],\"inLanguage\":\"fr-FR\"},{\"@type\":\"Organization\",\"@id\":\"https:\\\/\\\/mcrtecresa.com\\\/#organization\",\"name\":\"Mcr Tecresa\",\"url\":\"https:\\\/\\\/mcrtecresa.com\\\/\",\"logo\":{\"@type\":\"ImageObject\",\"inLanguage\":\"fr-FR\",\"@id\":\"https:\\\/\\\/mcrtecresa.com\\\/#\\\/schema\\\/logo\\\/image\\\/\",\"url\":\"https:\\\/\\\/mcrtecresa.com\\\/wp-content\\\/uploads\\\/2025\\\/07\\\/Logo-Original-1.png\",\"contentUrl\":\"https:\\\/\\\/mcrtecresa.com\\\/wp-content\\\/uploads\\\/2025\\\/07\\\/Logo-Original-1.png\",\"width\":195,\"height\":46,\"caption\":\"Mcr Tecresa\"},\"image\":{\"@id\":\"https:\\\/\\\/mcrtecresa.com\\\/#\\\/schema\\\/logo\\\/image\\\/\"},\"sameAs\":[\"https:\\\/\\\/www.linkedin.com\\\/company\\\/mcrtecresa\",\"https:\\\/\\\/www.youtube.com\\\/@Mcrtecresa\"]},{\"@type\":\"Person\",\"@id\":\"https:\\\/\\\/mcrtecresa.com\\\/#\\\/schema\\\/person\\\/275eebae54c4cf671d6c26d83abd4b3a\",\"name\":\"Roberto Perez Salillas\",\"sameAs\":[\"https:\\\/\\\/mcrtecresa.com\"],\"url\":\"https:\\\/\\\/mcrtecresa.com\\\/fr\\\/blog\\\/author\\\/salillas\"}]}<\/script>\n<!-- \/ Yoast SEO plugin. -->","yoast_head_json":{"title":"Sectorisation dans b\u00e2timents avece une fa\u00e7ade de mur rideau - Mcr Tecresa","robots":{"index":"index","follow":"follow","max-snippet":"max-snippet:-1","max-image-preview":"max-image-preview:large","max-video-preview":"max-video-preview:-1"},"canonical":"https:\/\/mcrtecresa.com\/fr\/blog\/sectorisation-dans-batiments-avece-une-facade-de-mur-rideau","og_locale":"fr_FR","og_type":"article","og_title":"Sectorisation dans b\u00e2timents avece une fa\u00e7ade de mur rideau - Mcr Tecresa","og_description":"Les b\u00e2timents avec une fa\u00e7ade de mur rideau sont uniques en ce que cet \u00e9l\u00e9ment est normalement compos\u00e9 de verre support\u00e9e par un cadre m\u00e9tallique, qui, en cas d&rsquo;incendie permet...","og_url":"https:\/\/mcrtecresa.com\/fr\/blog\/sectorisation-dans-batiments-avece-une-facade-de-mur-rideau","og_site_name":"Mcr Tecresa","article_published_time":"2018-04-01T05:56:23+00:00","article_modified_time":"2025-10-22T11:17:20+00:00","og_image":[{"width":300,"height":207,"url":"https:\/\/mcrtecresa.com\/wp-content\/uploads\/2018\/03\/post_782_img.jpg","type":"image\/jpeg"}],"author":"Roberto Perez Salillas","twitter_card":"summary_large_image","twitter_misc":{"\u00c9crit par":"Roberto Perez Salillas","Dur\u00e9e de lecture estim\u00e9e":"1 minute"},"schema":{"@context":"https:\/\/schema.org","@graph":[{"@type":"Article","@id":"https:\/\/mcrtecresa.com\/fr\/blog\/sectorisation-dans-batiments-avece-une-facade-de-mur-rideau#article","isPartOf":{"@id":"https:\/\/mcrtecresa.com\/fr\/blog\/sectorisation-dans-batiments-avece-une-facade-de-mur-rideau"},"author":{"name":"Roberto Perez Salillas","@id":"https:\/\/mcrtecresa.com\/#\/schema\/person\/275eebae54c4cf671d6c26d83abd4b3a"},"headline":"Sectorisation dans b\u00e2timents avece une fa\u00e7ade de mur rideau","datePublished":"2018-04-01T05:56:23+00:00","dateModified":"2025-10-22T11:17:20+00:00","mainEntityOfPage":{"@id":"https:\/\/mcrtecresa.com\/fr\/blog\/sectorisation-dans-batiments-avece-une-facade-de-mur-rideau"},"wordCount":315,"publisher":{"@id":"https:\/\/mcrtecresa.com\/#organization"},"image":{"@id":"https:\/\/mcrtecresa.com\/fr\/blog\/sectorisation-dans-batiments-avece-une-facade-de-mur-rideau#primaryimage"},"thumbnailUrl":"https:\/\/mcrtecresa.com\/wp-content\/uploads\/2018\/03\/post_782_img.jpg","articleSection":["Produits et services"],"inLanguage":"fr-FR"},{"@type":"WebPage","@id":"https:\/\/mcrtecresa.com\/fr\/blog\/sectorisation-dans-batiments-avece-une-facade-de-mur-rideau","url":"https:\/\/mcrtecresa.com\/fr\/blog\/sectorisation-dans-batiments-avece-une-facade-de-mur-rideau","name":"Sectorisation dans b\u00e2timents avece une fa\u00e7ade de mur rideau - Mcr Tecresa","isPartOf":{"@id":"https:\/\/mcrtecresa.com\/#website"},"primaryImageOfPage":{"@id":"https:\/\/mcrtecresa.com\/fr\/blog\/sectorisation-dans-batiments-avece-une-facade-de-mur-rideau#primaryimage"},"image":{"@id":"https:\/\/mcrtecresa.com\/fr\/blog\/sectorisation-dans-batiments-avece-une-facade-de-mur-rideau#primaryimage"},"thumbnailUrl":"https:\/\/mcrtecresa.com\/wp-content\/uploads\/2018\/03\/post_782_img.jpg","datePublished":"2018-04-01T05:56:23+00:00","dateModified":"2025-10-22T11:17:20+00:00","breadcrumb":{"@id":"https:\/\/mcrtecresa.com\/fr\/blog\/sectorisation-dans-batiments-avece-une-facade-de-mur-rideau#breadcrumb"},"inLanguage":"fr-FR","potentialAction":[{"@type":"ReadAction","target":["https:\/\/mcrtecresa.com\/fr\/blog\/sectorisation-dans-batiments-avece-une-facade-de-mur-rideau"]}]},{"@type":"ImageObject","inLanguage":"fr-FR","@id":"https:\/\/mcrtecresa.com\/fr\/blog\/sectorisation-dans-batiments-avece-une-facade-de-mur-rideau#primaryimage","url":"https:\/\/mcrtecresa.com\/wp-content\/uploads\/2018\/03\/post_782_img.jpg","contentUrl":"https:\/\/mcrtecresa.com\/wp-content\/uploads\/2018\/03\/post_782_img.jpg","width":300,"height":207,"caption":"Sectorizaci\u00f3n en edificios con fachada de muro cortina"},{"@type":"BreadcrumbList","@id":"https:\/\/mcrtecresa.com\/fr\/blog\/sectorisation-dans-batiments-avece-une-facade-de-mur-rideau#breadcrumb","itemListElement":[{"@type":"ListItem","position":1,"name":"mcr tecresa\u00ae","item":"https:\/\/mcrtecresa.com\/fr"},{"@type":"ListItem","position":2,"name":"Produits et services","item":"https:\/\/mcrtecresa.com\/fr\/blog\/category\/produits-et-services"},{"@type":"ListItem","position":3,"name":"Sectorisation dans b\u00e2timents avece une fa\u00e7ade de mur rideau"}]},{"@type":"WebSite","@id":"https:\/\/mcrtecresa.com\/#website","url":"https:\/\/mcrtecresa.com\/","name":"Mcr Tecresa","description":"Empresa l\u00edder en protecci\u00f3n pasiva contra incendios","publisher":{"@id":"https:\/\/mcrtecresa.com\/#organization"},"alternateName":"Protecci\u00f3n Pasiva Contra Incendios","potentialAction":[{"@type":"SearchAction","target":{"@type":"EntryPoint","urlTemplate":"https:\/\/mcrtecresa.com\/?s={search_term_string}"},"query-input":{"@type":"PropertyValueSpecification","valueRequired":true,"valueName":"search_term_string"}}],"inLanguage":"fr-FR"},{"@type":"Organization","@id":"https:\/\/mcrtecresa.com\/#organization","name":"Mcr Tecresa","url":"https:\/\/mcrtecresa.com\/","logo":{"@type":"ImageObject","inLanguage":"fr-FR","@id":"https:\/\/mcrtecresa.com\/#\/schema\/logo\/image\/","url":"https:\/\/mcrtecresa.com\/wp-content\/uploads\/2025\/07\/Logo-Original-1.png","contentUrl":"https:\/\/mcrtecresa.com\/wp-content\/uploads\/2025\/07\/Logo-Original-1.png","width":195,"height":46,"caption":"Mcr Tecresa"},"image":{"@id":"https:\/\/mcrtecresa.com\/#\/schema\/logo\/image\/"},"sameAs":["https:\/\/www.linkedin.com\/company\/mcrtecresa","https:\/\/www.youtube.com\/@Mcrtecresa"]},{"@type":"Person","@id":"https:\/\/mcrtecresa.com\/#\/schema\/person\/275eebae54c4cf671d6c26d83abd4b3a","name":"Roberto Perez Salillas","sameAs":["https:\/\/mcrtecresa.com"],"url":"https:\/\/mcrtecresa.com\/fr\/blog\/author\/salillas"}]}},"_links":{"self":[{"href":"https:\/\/mcrtecresa.com\/fr\/wp-json\/wp\/v2\/posts\/11069","targetHints":{"allow":["GET"]}}],"collection":[{"href":"https:\/\/mcrtecresa.com\/fr\/wp-json\/wp\/v2\/posts"}],"about":[{"href":"https:\/\/mcrtecresa.com\/fr\/wp-json\/wp\/v2\/types\/post"}],"author":[{"embeddable":true,"href":"https:\/\/mcrtecresa.com\/fr\/wp-json\/wp\/v2\/users\/2"}],"replies":[{"embeddable":true,"href":"https:\/\/mcrtecresa.com\/fr\/wp-json\/wp\/v2\/comments?post=11069"}],"version-history":[{"count":0,"href":"https:\/\/mcrtecresa.com\/fr\/wp-json\/wp\/v2\/posts\/11069\/revisions"}],"wp:featuredmedia":[{"embeddable":true,"href":"https:\/\/mcrtecresa.com\/fr\/wp-json\/wp\/v2\/media\/8322"}],"wp:attachment":[{"href":"https:\/\/mcrtecresa.com\/fr\/wp-json\/wp\/v2\/media?parent=11069"}],"wp:term":[{"taxonomy":"category","embeddable":true,"href":"https:\/\/mcrtecresa.com\/fr\/wp-json\/wp\/v2\/categories?post=11069"},{"taxonomy":"post_tag","embeddable":true,"href":"https:\/\/mcrtecresa.com\/fr\/wp-json\/wp\/v2\/tags?post=11069"}],"curies":[{"name":"wp","href":"https:\/\/api.w.org\/{rel}","templated":true}]}}