{"id":10921,"date":"2018-03-31T22:46:19","date_gmt":"2018-03-31T20:46:19","guid":{"rendered":"https:\/\/mcrtecresa.com?p=10921"},"modified":"2025-10-22T13:12:06","modified_gmt":"2025-10-22T11:12:06","slug":"protection-contre-lincendie-de-forge-de-tole-collaborante","status":"publish","type":"post","link":"https:\/\/mcrtecresa.com\/fr\/blog\/protection-contre-lincendie-de-forge-de-tole-collaborante","title":{"rendered":"Protection contre l&rsquo;incendie de forg\u00e9 de t\u00f4le collaborante"},"content":{"rendered":"<p>Ce type de forg\u00e9 mixte de b\u00e9ton avec plaque d&rsquo;acier profil\u00e9 est utilis\u00e9 par premi\u00e8re fois aux \u00c9tats-Unis dans le si\u00e8cle XX\u00e8me et il est tr\u00e8s commun dans les travaux de r\u00e9novation et pour les nouveaux b\u00e2timents \u00e0 cause de sa simplicit\u00e9 de montage, \u00e9tant donn\u00e9 que les actes de la plaque permettent une grande rapidit\u00e9 d&rsquo;ex\u00e9cution et une plus grande l\u00e9g\u00e8ret\u00e9 dans les poids de celui-ci par rapport \u00e0 une dalle de b\u00e9ton ou d&rsquo;une solive de plancher et la dalle traditionnelle. Ils sont appel\u00e9s colaborante parce qu&rsquo;il agit comme une plaque de fer qui aide \u00e0 soutenir les efforts de traction positive sur elle.<\/p>\n<p>Il y a trois inconv\u00e9nients:<\/p>\n<p>&#8211; Il est relativement plus cher.<\/p>\n<p>&#8211; Il a un pire comportement thermo-acoustique.<\/p>\n<p>&#8211; Il a un mauvais comportement au feu.<\/p>\n<p>Dans ce post, nous parlons de la fa\u00e7on de r\u00e9soudre ce dernier probl\u00e8me, car il est une norme de test sp\u00e9cifique pour ce type de dalle,\u00a0<strong>Tests UNE ENV 13381-5\u00a0<em>\u00ab\u00a0pour d\u00e9terminer la contribution \u00e0 la r\u00e9sistance au feu des \u00e9l\u00e9ments structuraux. Partie 5: Protection appliqu\u00e9e aux \u00e9l\u00e9ments en b\u00e9ton\/t\u00f4le profil\u00e9e mixte acier\u201d.<\/em><\/strong>\u00a0Notre d\u00e9partement technique a test\u00e9 avec succ\u00e8s en vertu de cette norme une application par projection de\u00a0<a href=\"\/fr\/?page_id=18762\"><strong>notre mortier Tecwool F\u00a0<\/strong><\/a>avec des \u00e9paisseurs diff\u00e9rentes en fonction de la profondeur de b\u00e9ton et e la r\u00e9sistance au feu qui est destin\u00e9 \u00e0 r\u00e9aliser. Avec ce produit, tout en prot\u00e9geant le feu, nous avons \u00e9galement am\u00e9lior\u00e9 les conditions thermo-acoustiques de celui-ci et nous avons prot\u00e8g\u00e9 le m\u00e9tal contre la corrosion.<\/p>\n<p>De notre exp\u00e9rience, nous avons remarqu\u00e9 qu&rsquo;il y a des fabricants et des installateurs qui justifient la r\u00e9sistance au feu d&rsquo;une telle forg\u00e9e par des tests de Protection du b\u00e9ton, \u00e0 savoir la norme\u00a0<strong>UNE ENV 13381-3<\/strong>. Des essais pour ce type de fabrication sont diff\u00e9rents de ceux du b\u00e9ton puisque, entre autres variables, il faut placer sur la plaque les thermocouples parce que la temp\u00e9rature ne parvient pas \u00e0 350 \u00b0 C, sa temp\u00e9rature critique. Cette variable est pas mesur\u00e9e dans un essai de b\u00e9ton, car la part la plus expos\u00e9e au feu est la plus important, cela qui est dans le b\u00e9ton.<\/p>\n<p>Il est \u00e9galement vrai qu&rsquo;il y a des fabricants de tests de t\u00f4le d&rsquo;acier profil\u00e9e qui ont fait test de resistance au feu dans ce type de forg\u00e9s dont le r\u00e9sultat \u00e9tait que le placement d&rsquo;un renfort de fond suppl\u00e9mentaire obtienne certaine r\u00e9sistance au feu. Ensuite, la t\u00f4le profil\u00e9e agit uniquement comme platelage perdu sans les propri\u00e9t\u00e9s collaborante. Dans ce cas particulier, il faut traiter le forg\u00e9 comme une dalle de b\u00e9ton et v\u00e9rifier que la distance de la face expos\u00e9e \u00e0 l&rsquo;armure et la cr\u00eate minimale au-dessus satisfont la<strong>DB-SI annexe C.<\/strong><\/p>\n","protected":false},"excerpt":{"rendered":"<p>Ce type de forg\u00e9 mixte de b\u00e9ton avec plaque d&rsquo;acier profil\u00e9 est utilis\u00e9 par premi\u00e8re fois aux \u00c9tats-Unis dans le si\u00e8cle XX\u00e8me et il est tr\u00e8s commun dans les travaux&#8230;<\/p>\n","protected":false},"author":2,"featured_media":7176,"comment_status":"closed","ping_status":"open","sticky":false,"template":"","format":"standard","meta":{"footnotes":""},"categories":[171],"tags":[],"class_list":["post-10921","post","type-post","status-publish","format-standard","has-post-thumbnail","hentry","category-produits-et-services"],"yoast_head":"<!-- This site is optimized with the Yoast SEO plugin v27.4 - https:\/\/yoast.com\/product\/yoast-seo-wordpress\/ -->\n<title>Protection contre l&#039;incendie de forg\u00e9 de t\u00f4le collaborante - Mcr Tecresa<\/title>\n<meta name=\"robots\" content=\"index, follow, max-snippet:-1, max-image-preview:large, max-video-preview:-1\" \/>\n<link rel=\"canonical\" href=\"https:\/\/mcrtecresa.com\/fr\/blog\/protection-contre-lincendie-de-forge-de-tole-collaborante\" \/>\n<meta property=\"og:locale\" content=\"fr_FR\" \/>\n<meta property=\"og:type\" content=\"article\" \/>\n<meta property=\"og:title\" content=\"Protection contre l&#039;incendie de forg\u00e9 de t\u00f4le collaborante - Mcr Tecresa\" \/>\n<meta property=\"og:description\" content=\"Ce type de forg\u00e9 mixte de b\u00e9ton avec plaque d&rsquo;acier profil\u00e9 est utilis\u00e9 par premi\u00e8re fois aux \u00c9tats-Unis dans le si\u00e8cle XX\u00e8me et il est tr\u00e8s commun dans les travaux...\" \/>\n<meta property=\"og:url\" content=\"https:\/\/mcrtecresa.com\/fr\/blog\/protection-contre-lincendie-de-forge-de-tole-collaborante\" \/>\n<meta property=\"og:site_name\" content=\"Mcr Tecresa\" \/>\n<meta property=\"article:published_time\" content=\"2018-03-31T20:46:19+00:00\" \/>\n<meta property=\"article:modified_time\" content=\"2025-10-22T11:12:06+00:00\" \/>\n<meta property=\"og:image\" content=\"https:\/\/mcrtecresa.com\/wp-content\/uploads\/2018\/03\/post_825_img.jpg\" \/>\n\t<meta property=\"og:image:width\" content=\"300\" \/>\n\t<meta property=\"og:image:height\" content=\"225\" \/>\n\t<meta property=\"og:image:type\" content=\"image\/jpeg\" \/>\n<meta name=\"author\" content=\"Roberto Perez Salillas\" \/>\n<meta name=\"twitter:card\" content=\"summary_large_image\" \/>\n<meta name=\"twitter:label1\" content=\"\u00c9crit par\" \/>\n\t<meta name=\"twitter:data1\" content=\"Roberto Perez Salillas\" \/>\n\t<meta name=\"twitter:label2\" content=\"Dur\u00e9e de lecture estim\u00e9e\" \/>\n\t<meta name=\"twitter:data2\" content=\"3 minutes\" \/>\n<script type=\"application\/ld+json\" class=\"yoast-schema-graph\">{\"@context\":\"https:\\\/\\\/schema.org\",\"@graph\":[{\"@type\":\"Article\",\"@id\":\"https:\\\/\\\/mcrtecresa.com\\\/fr\\\/blog\\\/protection-contre-lincendie-de-forge-de-tole-collaborante#article\",\"isPartOf\":{\"@id\":\"https:\\\/\\\/mcrtecresa.com\\\/fr\\\/blog\\\/protection-contre-lincendie-de-forge-de-tole-collaborante\"},\"author\":{\"name\":\"Roberto Perez Salillas\",\"@id\":\"https:\\\/\\\/mcrtecresa.com\\\/#\\\/schema\\\/person\\\/275eebae54c4cf671d6c26d83abd4b3a\"},\"headline\":\"Protection contre l&rsquo;incendie de forg\u00e9 de t\u00f4le collaborante\",\"datePublished\":\"2018-03-31T20:46:19+00:00\",\"dateModified\":\"2025-10-22T11:12:06+00:00\",\"mainEntityOfPage\":{\"@id\":\"https:\\\/\\\/mcrtecresa.com\\\/fr\\\/blog\\\/protection-contre-lincendie-de-forge-de-tole-collaborante\"},\"wordCount\":521,\"publisher\":{\"@id\":\"https:\\\/\\\/mcrtecresa.com\\\/#organization\"},\"image\":{\"@id\":\"https:\\\/\\\/mcrtecresa.com\\\/fr\\\/blog\\\/protection-contre-lincendie-de-forge-de-tole-collaborante#primaryimage\"},\"thumbnailUrl\":\"https:\\\/\\\/mcrtecresa.com\\\/wp-content\\\/uploads\\\/2018\\\/03\\\/post_825_img.jpg\",\"articleSection\":[\"Produits et services\"],\"inLanguage\":\"fr-FR\"},{\"@type\":\"WebPage\",\"@id\":\"https:\\\/\\\/mcrtecresa.com\\\/fr\\\/blog\\\/protection-contre-lincendie-de-forge-de-tole-collaborante\",\"url\":\"https:\\\/\\\/mcrtecresa.com\\\/fr\\\/blog\\\/protection-contre-lincendie-de-forge-de-tole-collaborante\",\"name\":\"Protection contre l'incendie de forg\u00e9 de t\u00f4le collaborante - Mcr Tecresa\",\"isPartOf\":{\"@id\":\"https:\\\/\\\/mcrtecresa.com\\\/#website\"},\"primaryImageOfPage\":{\"@id\":\"https:\\\/\\\/mcrtecresa.com\\\/fr\\\/blog\\\/protection-contre-lincendie-de-forge-de-tole-collaborante#primaryimage\"},\"image\":{\"@id\":\"https:\\\/\\\/mcrtecresa.com\\\/fr\\\/blog\\\/protection-contre-lincendie-de-forge-de-tole-collaborante#primaryimage\"},\"thumbnailUrl\":\"https:\\\/\\\/mcrtecresa.com\\\/wp-content\\\/uploads\\\/2018\\\/03\\\/post_825_img.jpg\",\"datePublished\":\"2018-03-31T20:46:19+00:00\",\"dateModified\":\"2025-10-22T11:12:06+00:00\",\"breadcrumb\":{\"@id\":\"https:\\\/\\\/mcrtecresa.com\\\/fr\\\/blog\\\/protection-contre-lincendie-de-forge-de-tole-collaborante#breadcrumb\"},\"inLanguage\":\"fr-FR\",\"potentialAction\":[{\"@type\":\"ReadAction\",\"target\":[\"https:\\\/\\\/mcrtecresa.com\\\/fr\\\/blog\\\/protection-contre-lincendie-de-forge-de-tole-collaborante\"]}]},{\"@type\":\"ImageObject\",\"inLanguage\":\"fr-FR\",\"@id\":\"https:\\\/\\\/mcrtecresa.com\\\/fr\\\/blog\\\/protection-contre-lincendie-de-forge-de-tole-collaborante#primaryimage\",\"url\":\"https:\\\/\\\/mcrtecresa.com\\\/wp-content\\\/uploads\\\/2018\\\/03\\\/post_825_img.jpg\",\"contentUrl\":\"https:\\\/\\\/mcrtecresa.com\\\/wp-content\\\/uploads\\\/2018\\\/03\\\/post_825_img.jpg\",\"width\":300,\"height\":225},{\"@type\":\"BreadcrumbList\",\"@id\":\"https:\\\/\\\/mcrtecresa.com\\\/fr\\\/blog\\\/protection-contre-lincendie-de-forge-de-tole-collaborante#breadcrumb\",\"itemListElement\":[{\"@type\":\"ListItem\",\"position\":1,\"name\":\"mcr tecresa\u00ae\",\"item\":\"https:\\\/\\\/mcrtecresa.com\\\/fr\"},{\"@type\":\"ListItem\",\"position\":2,\"name\":\"Produits et services\",\"item\":\"https:\\\/\\\/mcrtecresa.com\\\/fr\\\/blog\\\/category\\\/produits-et-services\"},{\"@type\":\"ListItem\",\"position\":3,\"name\":\"Protection contre l&#8217;incendie de forg\u00e9 de t\u00f4le collaborante\"}]},{\"@type\":\"WebSite\",\"@id\":\"https:\\\/\\\/mcrtecresa.com\\\/#website\",\"url\":\"https:\\\/\\\/mcrtecresa.com\\\/\",\"name\":\"Mcr Tecresa\",\"description\":\"Empresa l\u00edder en protecci\u00f3n pasiva contra incendios\",\"publisher\":{\"@id\":\"https:\\\/\\\/mcrtecresa.com\\\/#organization\"},\"alternateName\":\"Protecci\u00f3n Pasiva Contra Incendios\",\"potentialAction\":[{\"@type\":\"SearchAction\",\"target\":{\"@type\":\"EntryPoint\",\"urlTemplate\":\"https:\\\/\\\/mcrtecresa.com\\\/?s={search_term_string}\"},\"query-input\":{\"@type\":\"PropertyValueSpecification\",\"valueRequired\":true,\"valueName\":\"search_term_string\"}}],\"inLanguage\":\"fr-FR\"},{\"@type\":\"Organization\",\"@id\":\"https:\\\/\\\/mcrtecresa.com\\\/#organization\",\"name\":\"Mcr Tecresa\",\"url\":\"https:\\\/\\\/mcrtecresa.com\\\/\",\"logo\":{\"@type\":\"ImageObject\",\"inLanguage\":\"fr-FR\",\"@id\":\"https:\\\/\\\/mcrtecresa.com\\\/#\\\/schema\\\/logo\\\/image\\\/\",\"url\":\"https:\\\/\\\/mcrtecresa.com\\\/wp-content\\\/uploads\\\/2025\\\/07\\\/Logo-Original-1.png\",\"contentUrl\":\"https:\\\/\\\/mcrtecresa.com\\\/wp-content\\\/uploads\\\/2025\\\/07\\\/Logo-Original-1.png\",\"width\":195,\"height\":46,\"caption\":\"Mcr Tecresa\"},\"image\":{\"@id\":\"https:\\\/\\\/mcrtecresa.com\\\/#\\\/schema\\\/logo\\\/image\\\/\"},\"sameAs\":[\"https:\\\/\\\/www.linkedin.com\\\/company\\\/mcrtecresa\",\"https:\\\/\\\/www.youtube.com\\\/@Mcrtecresa\"]},{\"@type\":\"Person\",\"@id\":\"https:\\\/\\\/mcrtecresa.com\\\/#\\\/schema\\\/person\\\/275eebae54c4cf671d6c26d83abd4b3a\",\"name\":\"Roberto Perez Salillas\",\"sameAs\":[\"https:\\\/\\\/mcrtecresa.com\"],\"url\":\"https:\\\/\\\/mcrtecresa.com\\\/fr\\\/blog\\\/author\\\/salillas\"}]}<\/script>\n<!-- \/ Yoast SEO plugin. -->","yoast_head_json":{"title":"Protection contre l'incendie de forg\u00e9 de t\u00f4le collaborante - Mcr Tecresa","robots":{"index":"index","follow":"follow","max-snippet":"max-snippet:-1","max-image-preview":"max-image-preview:large","max-video-preview":"max-video-preview:-1"},"canonical":"https:\/\/mcrtecresa.com\/fr\/blog\/protection-contre-lincendie-de-forge-de-tole-collaborante","og_locale":"fr_FR","og_type":"article","og_title":"Protection contre l'incendie de forg\u00e9 de t\u00f4le collaborante - Mcr Tecresa","og_description":"Ce type de forg\u00e9 mixte de b\u00e9ton avec plaque d&rsquo;acier profil\u00e9 est utilis\u00e9 par premi\u00e8re fois aux \u00c9tats-Unis dans le si\u00e8cle XX\u00e8me et il est tr\u00e8s commun dans les travaux...","og_url":"https:\/\/mcrtecresa.com\/fr\/blog\/protection-contre-lincendie-de-forge-de-tole-collaborante","og_site_name":"Mcr Tecresa","article_published_time":"2018-03-31T20:46:19+00:00","article_modified_time":"2025-10-22T11:12:06+00:00","og_image":[{"width":300,"height":225,"url":"https:\/\/mcrtecresa.com\/wp-content\/uploads\/2018\/03\/post_825_img.jpg","type":"image\/jpeg"}],"author":"Roberto Perez Salillas","twitter_card":"summary_large_image","twitter_misc":{"\u00c9crit par":"Roberto Perez Salillas","Dur\u00e9e de lecture estim\u00e9e":"3 minutes"},"schema":{"@context":"https:\/\/schema.org","@graph":[{"@type":"Article","@id":"https:\/\/mcrtecresa.com\/fr\/blog\/protection-contre-lincendie-de-forge-de-tole-collaborante#article","isPartOf":{"@id":"https:\/\/mcrtecresa.com\/fr\/blog\/protection-contre-lincendie-de-forge-de-tole-collaborante"},"author":{"name":"Roberto Perez Salillas","@id":"https:\/\/mcrtecresa.com\/#\/schema\/person\/275eebae54c4cf671d6c26d83abd4b3a"},"headline":"Protection contre l&rsquo;incendie de forg\u00e9 de t\u00f4le collaborante","datePublished":"2018-03-31T20:46:19+00:00","dateModified":"2025-10-22T11:12:06+00:00","mainEntityOfPage":{"@id":"https:\/\/mcrtecresa.com\/fr\/blog\/protection-contre-lincendie-de-forge-de-tole-collaborante"},"wordCount":521,"publisher":{"@id":"https:\/\/mcrtecresa.com\/#organization"},"image":{"@id":"https:\/\/mcrtecresa.com\/fr\/blog\/protection-contre-lincendie-de-forge-de-tole-collaborante#primaryimage"},"thumbnailUrl":"https:\/\/mcrtecresa.com\/wp-content\/uploads\/2018\/03\/post_825_img.jpg","articleSection":["Produits et services"],"inLanguage":"fr-FR"},{"@type":"WebPage","@id":"https:\/\/mcrtecresa.com\/fr\/blog\/protection-contre-lincendie-de-forge-de-tole-collaborante","url":"https:\/\/mcrtecresa.com\/fr\/blog\/protection-contre-lincendie-de-forge-de-tole-collaborante","name":"Protection contre l'incendie de forg\u00e9 de t\u00f4le collaborante - Mcr Tecresa","isPartOf":{"@id":"https:\/\/mcrtecresa.com\/#website"},"primaryImageOfPage":{"@id":"https:\/\/mcrtecresa.com\/fr\/blog\/protection-contre-lincendie-de-forge-de-tole-collaborante#primaryimage"},"image":{"@id":"https:\/\/mcrtecresa.com\/fr\/blog\/protection-contre-lincendie-de-forge-de-tole-collaborante#primaryimage"},"thumbnailUrl":"https:\/\/mcrtecresa.com\/wp-content\/uploads\/2018\/03\/post_825_img.jpg","datePublished":"2018-03-31T20:46:19+00:00","dateModified":"2025-10-22T11:12:06+00:00","breadcrumb":{"@id":"https:\/\/mcrtecresa.com\/fr\/blog\/protection-contre-lincendie-de-forge-de-tole-collaborante#breadcrumb"},"inLanguage":"fr-FR","potentialAction":[{"@type":"ReadAction","target":["https:\/\/mcrtecresa.com\/fr\/blog\/protection-contre-lincendie-de-forge-de-tole-collaborante"]}]},{"@type":"ImageObject","inLanguage":"fr-FR","@id":"https:\/\/mcrtecresa.com\/fr\/blog\/protection-contre-lincendie-de-forge-de-tole-collaborante#primaryimage","url":"https:\/\/mcrtecresa.com\/wp-content\/uploads\/2018\/03\/post_825_img.jpg","contentUrl":"https:\/\/mcrtecresa.com\/wp-content\/uploads\/2018\/03\/post_825_img.jpg","width":300,"height":225},{"@type":"BreadcrumbList","@id":"https:\/\/mcrtecresa.com\/fr\/blog\/protection-contre-lincendie-de-forge-de-tole-collaborante#breadcrumb","itemListElement":[{"@type":"ListItem","position":1,"name":"mcr tecresa\u00ae","item":"https:\/\/mcrtecresa.com\/fr"},{"@type":"ListItem","position":2,"name":"Produits et services","item":"https:\/\/mcrtecresa.com\/fr\/blog\/category\/produits-et-services"},{"@type":"ListItem","position":3,"name":"Protection contre l&#8217;incendie de forg\u00e9 de t\u00f4le collaborante"}]},{"@type":"WebSite","@id":"https:\/\/mcrtecresa.com\/#website","url":"https:\/\/mcrtecresa.com\/","name":"Mcr Tecresa","description":"Empresa l\u00edder en protecci\u00f3n pasiva contra incendios","publisher":{"@id":"https:\/\/mcrtecresa.com\/#organization"},"alternateName":"Protecci\u00f3n Pasiva Contra Incendios","potentialAction":[{"@type":"SearchAction","target":{"@type":"EntryPoint","urlTemplate":"https:\/\/mcrtecresa.com\/?s={search_term_string}"},"query-input":{"@type":"PropertyValueSpecification","valueRequired":true,"valueName":"search_term_string"}}],"inLanguage":"fr-FR"},{"@type":"Organization","@id":"https:\/\/mcrtecresa.com\/#organization","name":"Mcr Tecresa","url":"https:\/\/mcrtecresa.com\/","logo":{"@type":"ImageObject","inLanguage":"fr-FR","@id":"https:\/\/mcrtecresa.com\/#\/schema\/logo\/image\/","url":"https:\/\/mcrtecresa.com\/wp-content\/uploads\/2025\/07\/Logo-Original-1.png","contentUrl":"https:\/\/mcrtecresa.com\/wp-content\/uploads\/2025\/07\/Logo-Original-1.png","width":195,"height":46,"caption":"Mcr Tecresa"},"image":{"@id":"https:\/\/mcrtecresa.com\/#\/schema\/logo\/image\/"},"sameAs":["https:\/\/www.linkedin.com\/company\/mcrtecresa","https:\/\/www.youtube.com\/@Mcrtecresa"]},{"@type":"Person","@id":"https:\/\/mcrtecresa.com\/#\/schema\/person\/275eebae54c4cf671d6c26d83abd4b3a","name":"Roberto Perez Salillas","sameAs":["https:\/\/mcrtecresa.com"],"url":"https:\/\/mcrtecresa.com\/fr\/blog\/author\/salillas"}]}},"_links":{"self":[{"href":"https:\/\/mcrtecresa.com\/fr\/wp-json\/wp\/v2\/posts\/10921","targetHints":{"allow":["GET"]}}],"collection":[{"href":"https:\/\/mcrtecresa.com\/fr\/wp-json\/wp\/v2\/posts"}],"about":[{"href":"https:\/\/mcrtecresa.com\/fr\/wp-json\/wp\/v2\/types\/post"}],"author":[{"embeddable":true,"href":"https:\/\/mcrtecresa.com\/fr\/wp-json\/wp\/v2\/users\/2"}],"replies":[{"embeddable":true,"href":"https:\/\/mcrtecresa.com\/fr\/wp-json\/wp\/v2\/comments?post=10921"}],"version-history":[{"count":0,"href":"https:\/\/mcrtecresa.com\/fr\/wp-json\/wp\/v2\/posts\/10921\/revisions"}],"wp:featuredmedia":[{"embeddable":true,"href":"https:\/\/mcrtecresa.com\/fr\/wp-json\/wp\/v2\/media\/7176"}],"wp:attachment":[{"href":"https:\/\/mcrtecresa.com\/fr\/wp-json\/wp\/v2\/media?parent=10921"}],"wp:term":[{"taxonomy":"category","embeddable":true,"href":"https:\/\/mcrtecresa.com\/fr\/wp-json\/wp\/v2\/categories?post=10921"},{"taxonomy":"post_tag","embeddable":true,"href":"https:\/\/mcrtecresa.com\/fr\/wp-json\/wp\/v2\/tags?post=10921"}],"curies":[{"name":"wp","href":"https:\/\/api.w.org\/{rel}","templated":true}]}}